{"id":1727,"date":"2023-04-06T20:53:12","date_gmt":"2023-04-06T18:53:12","guid":{"rendered":"https:\/\/www.bokura.fr\/wordpress\/?p=1727"},"modified":"2023-04-06T21:09:59","modified_gmt":"2023-04-06T19:09:59","slug":"suzume-no-torimaji","status":"publish","type":"post","link":"https:\/\/www.bokura.fr\/wordpress\/?p=1727","title":{"rendered":"Suzume no torimaji &#8211; Je l&rsquo;ai vu !"},"content":{"rendered":"\r\n<p>J&rsquo;ai \u00e9t\u00e9 le voir en avant premi\u00e8re ! J&rsquo;ai eu la change le 24 mars de pouvoir assister \u00e0 cette avant premi\u00e8re, et je ne regrette pas ! La salle \u00e9tait pleine.<\/p>\r\n\r\n\r\n\r\n<figure class=\"wp-block-image size-full is-resized\"><img loading=\"lazy\" decoding=\"async\" class=\"wp-image-1728 aligncenter\" src=\"https:\/\/www.bokura.fr\/wordpress\/wp-content\/uploads\/2023\/04\/PXL_20230324_204024082_2-scaled.jpg\" alt=\"\" width=\"640\" height=\"438\" srcset=\"https:\/\/www.bokura.fr\/wordpress\/wp-content\/uploads\/2023\/04\/PXL_20230324_204024082_2-scaled.jpg 2560w, https:\/\/www.bokura.fr\/wordpress\/wp-content\/uploads\/2023\/04\/PXL_20230324_204024082_2-1024x701.jpg 1024w, https:\/\/www.bokura.fr\/wordpress\/wp-content\/uploads\/2023\/04\/PXL_20230324_204024082_2-768x526.jpg 768w, https:\/\/www.bokura.fr\/wordpress\/wp-content\/uploads\/2023\/04\/PXL_20230324_204024082_2-1536x1052.jpg 1536w, https:\/\/www.bokura.fr\/wordpress\/wp-content\/uploads\/2023\/04\/PXL_20230324_204024082_2-2048x1403.jpg 2048w\" sizes=\"auto, (max-width: 640px) 100vw, 640px\" \/><\/figure>\r\n\r\n\r\n\r\n<p><br \/><br \/>Les 2 premi\u00e8res minutes sont de toute beaut\u00e9, un m\u00e9lange d&rsquo;image de synthese et dessin anim\u00e9. Digne d&rsquo;un grand anim\u00e9 de Makoto Shinkai. On retrouvera par la suite quelques passages avec l&rsquo;ajoute d&rsquo;images de synth\u00e8se.<br \/><br \/>Pour une fois le sc\u00e9nario n&rsquo;est pas enfantin, contrairement \u00e0 &lsquo;Your Name&rsquo; ou &lsquo;Les enfants du temps&rsquo;.<br \/>On y retrouve pleins de paysages japonais, de la spiritualit\u00e9, les coutumes &#8230; on retrouve bien l&rsquo;univers japonais.<\/p>\r\n\r\n\r\n\r\n<figure class=\"wp-block-gallery has-nested-images columns-default is-cropped wp-block-gallery-1 is-layout-flex wp-block-gallery-is-layout-flex\">\r\n<figure class=\"wp-block-image size-large\"><img loading=\"lazy\" decoding=\"async\" data-id=\"1730\" class=\"wp-image-1730\" src=\"https:\/\/www.bokura.fr\/wordpress\/wp-content\/uploads\/2023\/04\/PXL_20230324_185249764-scaled.jpg\" alt=\"\" width=\"325\" height=\"431\" srcset=\"https:\/\/www.bokura.fr\/wordpress\/wp-content\/uploads\/2023\/04\/PXL_20230324_185249764-scaled.jpg 1928w, https:\/\/www.bokura.fr\/wordpress\/wp-content\/uploads\/2023\/04\/PXL_20230324_185249764-771x1024.jpg 771w, https:\/\/www.bokura.fr\/wordpress\/wp-content\/uploads\/2023\/04\/PXL_20230324_185249764-768x1020.jpg 768w, https:\/\/www.bokura.fr\/wordpress\/wp-content\/uploads\/2023\/04\/PXL_20230324_185249764-1157x1536.jpg 1157w, https:\/\/www.bokura.fr\/wordpress\/wp-content\/uploads\/2023\/04\/PXL_20230324_185249764-1542x2048.jpg 1542w\" sizes=\"auto, (max-width: 325px) 100vw, 325px\" \/><img loading=\"lazy\" decoding=\"async\" class=\"wp-image-1729\" src=\"https:\/\/www.bokura.fr\/wordpress\/wp-content\/uploads\/2023\/04\/PXL_20230324_185301550-scaled.jpg\" alt=\"\" width=\"324\" height=\"430\" srcset=\"https:\/\/www.bokura.fr\/wordpress\/wp-content\/uploads\/2023\/04\/PXL_20230324_185301550-scaled.jpg 1928w, https:\/\/www.bokura.fr\/wordpress\/wp-content\/uploads\/2023\/04\/PXL_20230324_185301550-771x1024.jpg 771w, https:\/\/www.bokura.fr\/wordpress\/wp-content\/uploads\/2023\/04\/PXL_20230324_185301550-768x1020.jpg 768w, https:\/\/www.bokura.fr\/wordpress\/wp-content\/uploads\/2023\/04\/PXL_20230324_185301550-1157x1536.jpg 1157w, https:\/\/www.bokura.fr\/wordpress\/wp-content\/uploads\/2023\/04\/PXL_20230324_185301550-1542x2048.jpg 1542w\" sizes=\"auto, (max-width: 324px) 100vw, 324px\" \/><img loading=\"lazy\" decoding=\"async\" class=\"wp-image-1731\" src=\"https:\/\/www.bokura.fr\/wordpress\/wp-content\/uploads\/2023\/04\/PXL_20230324_185305743-scaled.jpg\" alt=\"\" width=\"318\" height=\"422\" srcset=\"https:\/\/www.bokura.fr\/wordpress\/wp-content\/uploads\/2023\/04\/PXL_20230324_185305743-scaled.jpg 1928w, https:\/\/www.bokura.fr\/wordpress\/wp-content\/uploads\/2023\/04\/PXL_20230324_185305743-771x1024.jpg 771w, https:\/\/www.bokura.fr\/wordpress\/wp-content\/uploads\/2023\/04\/PXL_20230324_185305743-768x1020.jpg 768w, https:\/\/www.bokura.fr\/wordpress\/wp-content\/uploads\/2023\/04\/PXL_20230324_185305743-1157x1536.jpg 1157w, https:\/\/www.bokura.fr\/wordpress\/wp-content\/uploads\/2023\/04\/PXL_20230324_185305743-1542x2048.jpg 1542w\" sizes=\"auto, (max-width: 318px) 100vw, 318px\" \/><\/figure>\r\n\r\n\r\n\r\n\r\n<\/figure>\r\n\r\n\r\n\r\n<p><br \/>C&rsquo;est toujours Radwimps qui se colle pour la bande son, pourquoi changer une \u00e9quipe qui gagne \ud83d\ude42<br \/>Ca fait d&rsquo;ailleurs un moment que j&rsquo;\u00e9coute les OST.<br \/><br \/>La sortie officielle le 12 Avril, en attendant voici la bande annonce :<\/p>\r\n<p><div class=\"jetpack-video-wrapper\"><iframe loading=\"lazy\" title=\"SUZUME Bande Annonce (Nouvelle, 2023)\" width=\"500\" height=\"281\" src=\"https:\/\/www.youtube.com\/embed\/aIvvauKHer8?feature=oembed\" frameborder=\"0\" allow=\"accelerometer; autoplay; clipboard-write; encrypted-media; gyroscope; picture-in-picture; web-share\" referrerpolicy=\"strict-origin-when-cross-origin\" allowfullscreen><\/iframe><\/div><\/p>\r\n\r\n\r\n\r\n<figure class=\"wp-block-embed is-type-video is-provider-youtube wp-block-embed-youtube wp-embed-aspect-16-9 wp-has-aspect-ratio\">\r\n<div class=\"wp-block-embed__wrapper\">\u00a0<\/div>\r\n<\/figure>\r\n","protected":false},"excerpt":{"rendered":"<p>J&rsquo;ai \u00e9t\u00e9 le voir en avant premi\u00e8re ! J&rsquo;ai eu la change le 24 mars de pouvoir assister \u00e0 cette avant premi\u00e8re, et je ne regrette pas ! La salle \u00e9tait pleine. Les 2 premi\u00e8res minutes sont de toute beaut\u00e9, un m\u00e9lange d&rsquo;image de synthese et dessin anim\u00e9. Digne d&rsquo;un grand anim\u00e9 de Makoto Shinkai. [&hellip;]<\/p>\n","protected":false},"author":1,"featured_media":0,"comment_status":"open","ping_status":"open","sticky":false,"template":"","format":"standard","meta":{"_jetpack_memberships_contains_paid_content":false,"footnotes":""},"categories":[19],"tags":[],"class_list":["post-1727","post","type-post","status-publish","format-standard","hentry","category-divers"],"jetpack_featured_media_url":"","jetpack_sharing_enabled":true,"_links":{"self":[{"href":"https:\/\/www.bokura.fr\/wordpress\/index.php?rest_route=\/wp\/v2\/posts\/1727","targetHints":{"allow":["GET"]}}],"collection":[{"href":"https:\/\/www.bokura.fr\/wordpress\/index.php?rest_route=\/wp\/v2\/posts"}],"about":[{"href":"https:\/\/www.bokura.fr\/wordpress\/index.php?rest_route=\/wp\/v2\/types\/post"}],"author":[{"embeddable":true,"href":"https:\/\/www.bokura.fr\/wordpress\/index.php?rest_route=\/wp\/v2\/users\/1"}],"replies":[{"embeddable":true,"href":"https:\/\/www.bokura.fr\/wordpress\/index.php?rest_route=%2Fwp%2Fv2%2Fcomments&post=1727"}],"version-history":[{"count":3,"href":"https:\/\/www.bokura.fr\/wordpress\/index.php?rest_route=\/wp\/v2\/posts\/1727\/revisions"}],"predecessor-version":[{"id":1734,"href":"https:\/\/www.bokura.fr\/wordpress\/index.php?rest_route=\/wp\/v2\/posts\/1727\/revisions\/1734"}],"wp:attachment":[{"href":"https:\/\/www.bokura.fr\/wordpress\/index.php?rest_route=%2Fwp%2Fv2%2Fmedia&parent=1727"}],"wp:term":[{"taxonomy":"category","embeddable":true,"href":"https:\/\/www.bokura.fr\/wordpress\/index.php?rest_route=%2Fwp%2Fv2%2Fcategories&post=1727"},{"taxonomy":"post_tag","embeddable":true,"href":"https:\/\/www.bokura.fr\/wordpress\/index.php?rest_route=%2Fwp%2Fv2%2Ftags&post=1727"}],"curies":[{"name":"wp","href":"https:\/\/api.w.org\/{rel}","templated":true}]}}