{"id":682,"date":"2020-03-15T12:05:03","date_gmt":"2020-03-15T11:05:03","guid":{"rendered":"http:\/\/192.168.1.50\/wordpress\/?p=682"},"modified":"2020-04-07T20:05:44","modified_gmt":"2020-04-07T18:05:44","slug":"le-covid-au-japon","status":"publish","type":"post","link":"https:\/\/www.bokura.fr\/wordpress\/?p=682","title":{"rendered":"Le COVID au Japon"},"content":{"rendered":"\n<p>Le Japon a \u00e9t\u00e9 l&rsquo;un des premier pays \u00e0 \u00eatre touch\u00e9 par le COVID et pourtant le nombre de cas reste faible, 659 infect\u00e9s au 15 mars contre plus de 2800 en France alors que l\u2019\u00e9pid\u00e9mie \u00ab\u00a0commence \u00e0 peine\u00a0\u00bb ici.<br><br>Pour moi il n&rsquo;y a rien d&rsquo;\u00e9tonnant, d\u00e9j\u00e0 le Japon \u00e9tant une \u00eele il est plus simple de contr\u00f4ler les fronti\u00e8res. Mais c&rsquo;est surtout l&rsquo;hygi\u00e8ne, la propret\u00e9 et la rigueur des japonais qui pour moi explique ce chiffre.<br><br>D\u00e9j\u00e0 en temps normal, beaucoup de japonnais portent des masques sanitaires, actuellement la majorit\u00e9 en portent.<\/p>\n\n\n\n<figure class=\"wp-block-image\"><img loading=\"lazy\" decoding=\"async\" width=\"1024\" height=\"576\" src=\"http:\/\/192.168.1.50\/wordpress\/wp-content\/uploads\/2020\/03\/Capture2-1024x576.png\" alt=\"\" class=\"wp-image-683\" srcset=\"https:\/\/www.bokura.fr\/wordpress\/wp-content\/uploads\/2020\/03\/Capture2-1024x576.png 1024w, https:\/\/www.bokura.fr\/wordpress\/wp-content\/uploads\/2020\/03\/Capture2-300x169.png 300w, https:\/\/www.bokura.fr\/wordpress\/wp-content\/uploads\/2020\/03\/Capture2-768x432.png 768w, https:\/\/www.bokura.fr\/wordpress\/wp-content\/uploads\/2020\/03\/Capture2.png 1299w\" sizes=\"auto, (max-width: 1024px) 100vw, 1024px\" \/><figcaption>Screen de Shibuya en livecam \u00e0 20h<\/figcaption><\/figure>\n\n\n\n<p>M\u00eame si le nombre de cas augmente, le pays n&rsquo;a pas encore prit les mesures drastique que l&rsquo;ont \u00e0 en Europe, certes le t\u00e9l\u00e9travail est encourag\u00e9, mais les sorties sont autoris\u00e9es.<\/p>\n\n\n\n<figure class=\"wp-block-image\"><img loading=\"lazy\" decoding=\"async\" width=\"727\" height=\"440\" src=\"http:\/\/192.168.1.50\/wordpress\/wp-content\/uploads\/2020\/03\/Capture.png\" alt=\"\" class=\"wp-image-684\" srcset=\"https:\/\/www.bokura.fr\/wordpress\/wp-content\/uploads\/2020\/03\/Capture.png 727w, https:\/\/www.bokura.fr\/wordpress\/wp-content\/uploads\/2020\/03\/Capture-300x182.png 300w\" sizes=\"auto, (max-width: 727px) 100vw, 727px\" \/><\/figure>\n\n\n\n<p>Un grand nombre de b\u00e2timents (mus\u00e9es, parcs &#8230;) sont ferm\u00e9s depuis mi f\u00e9vrier, et pour la plupart le seront jusqu&rsquo;\u00e0 mi-avril (au moins) : Teamlab, Ghibli, tokyo skytree, Edo museum &#8230;..<br>Et pourtant c&rsquo;est la p\u00e9riode la plus touristique au Japon, on est en pleine f\u00eate des sakura. P\u00e9riode \u00e0 laquelle on se fait des picnic sous les cerisiers en fleurs &#8230;<br><br><\/p>\n","protected":false},"excerpt":{"rendered":"<p>Le Japon a \u00e9t\u00e9 l&rsquo;un des premier pays \u00e0 \u00eatre touch\u00e9 par le COVID et pourtant le nombre de cas reste faible, 659 infect\u00e9s au 15 mars contre plus de 2800 en France alors que l\u2019\u00e9pid\u00e9mie \u00ab\u00a0commence \u00e0 peine\u00a0\u00bb ici. Pour moi il n&rsquo;y a rien d&rsquo;\u00e9tonnant, d\u00e9j\u00e0 le Japon \u00e9tant une \u00eele il est [&hellip;]<\/p>\n","protected":false},"author":1,"featured_media":0,"comment_status":"open","ping_status":"open","sticky":false,"template":"","format":"standard","meta":{"_jetpack_memberships_contains_paid_content":false,"footnotes":""},"categories":[2,19],"tags":[],"class_list":["post-682","post","type-post","status-publish","format-standard","hentry","category-avril2020","category-divers"],"jetpack_featured_media_url":"","jetpack_sharing_enabled":true,"_links":{"self":[{"href":"https:\/\/www.bokura.fr\/wordpress\/index.php?rest_route=\/wp\/v2\/posts\/682","targetHints":{"allow":["GET"]}}],"collection":[{"href":"https:\/\/www.bokura.fr\/wordpress\/index.php?rest_route=\/wp\/v2\/posts"}],"about":[{"href":"https:\/\/www.bokura.fr\/wordpress\/index.php?rest_route=\/wp\/v2\/types\/post"}],"author":[{"embeddable":true,"href":"https:\/\/www.bokura.fr\/wordpress\/index.php?rest_route=\/wp\/v2\/users\/1"}],"replies":[{"embeddable":true,"href":"https:\/\/www.bokura.fr\/wordpress\/index.php?rest_route=%2Fwp%2Fv2%2Fcomments&post=682"}],"version-history":[{"count":1,"href":"https:\/\/www.bokura.fr\/wordpress\/index.php?rest_route=\/wp\/v2\/posts\/682\/revisions"}],"predecessor-version":[{"id":685,"href":"https:\/\/www.bokura.fr\/wordpress\/index.php?rest_route=\/wp\/v2\/posts\/682\/revisions\/685"}],"wp:attachment":[{"href":"https:\/\/www.bokura.fr\/wordpress\/index.php?rest_route=%2Fwp%2Fv2%2Fmedia&parent=682"}],"wp:term":[{"taxonomy":"category","embeddable":true,"href":"https:\/\/www.bokura.fr\/wordpress\/index.php?rest_route=%2Fwp%2Fv2%2Fcategories&post=682"},{"taxonomy":"post_tag","embeddable":true,"href":"https:\/\/www.bokura.fr\/wordpress\/index.php?rest_route=%2Fwp%2Fv2%2Ftags&post=682"}],"curies":[{"name":"wp","href":"https:\/\/api.w.org\/{rel}","templated":true}]}}